{"id":1155,"date":"2024-11-06T12:33:40","date_gmt":"2024-11-06T11:33:40","guid":{"rendered":"https:\/\/www.degrenplus.eu\/?p=1155"},"modified":"2025-04-11T12:35:45","modified_gmt":"2025-04-11T10:35:45","slug":"cultivando-redes-de-circularidade-no-workshop-ecolab-evora","status":"publish","type":"post","link":"https:\/\/www.degrenplus.eu\/pt-pt\/cultivando-redes-de-circularidade-no-workshop-ecolab-evora\/","title":{"rendered":"Cultivando redes de circularidade no Workshop ECOLAB \u00c9vora"},"content":{"rendered":"\n<figure class=\"wp-block-image size-large\"><img loading=\"lazy\" decoding=\"async\" width=\"1024\" height=\"768\" src=\"https:\/\/www.degrenplus.eu\/wp-content\/uploads\/2025\/01\/de777eeb-d9ad-42e5-9dc9-041a65c6aca9-1024x768.jpg\" alt=\"\" class=\"wp-image-1085\" srcset=\"https:\/\/www.degrenplus.eu\/wp-content\/uploads\/2025\/01\/de777eeb-d9ad-42e5-9dc9-041a65c6aca9-1024x768.jpg 1024w, https:\/\/www.degrenplus.eu\/wp-content\/uploads\/2025\/01\/de777eeb-d9ad-42e5-9dc9-041a65c6aca9-300x225.jpg 300w, https:\/\/www.degrenplus.eu\/wp-content\/uploads\/2025\/01\/de777eeb-d9ad-42e5-9dc9-041a65c6aca9-768x576.jpg 768w, https:\/\/www.degrenplus.eu\/wp-content\/uploads\/2025\/01\/de777eeb-d9ad-42e5-9dc9-041a65c6aca9-1536x1152.jpg 1536w, https:\/\/www.degrenplus.eu\/wp-content\/uploads\/2025\/01\/de777eeb-d9ad-42e5-9dc9-041a65c6aca9-1320x990.jpg 1320w, https:\/\/www.degrenplus.eu\/wp-content\/uploads\/2025\/01\/de777eeb-d9ad-42e5-9dc9-041a65c6aca9.jpg 1600w\" sizes=\"auto, (max-width: 1024px) 100vw, 1024px\" \/><\/figure>\n\n\n\n<p><strong>No passado dia 5 de novembro, a Biblioteca Jorge Ara\u00fajo, no Polo dos Le\u00f5es da Universidade de \u00c9vora, acolheu o workshop ECOLAB \u00c9VORA \u2013 Cultivando Redes de Circularidade. O evento, que contou com a participa\u00e7\u00e3o de 29 pessoas, teve como objetivo apresentar e debater conceitos e boas pr\u00e1ticas de ecodesign e circularidade, com impacto na competitividade de empresas e associa\u00e7\u00f5es com atividade produtiva.<\/strong><\/p>\n\n\n\n<p>Organizado pela Universidade de \u00c9vora no \u00e2mbito do projeto DEGREN PLUS, o workshop reuniu profissionais e estudantes interessados em integrar estes conceitos nas suas pr\u00e1ticas. A sess\u00e3o teve in\u00edcio com uma apresenta\u00e7\u00e3o de In\u00eas Secca Ruivo, seguindo-se a interven\u00e7\u00e3o de Cristina Sousa Rocha, investigadora s\u00e9nior do Laborat\u00f3rio Nacional de Energia e Geologia (LNEG) e coordenadora do CIRCO Hub Portugal. Sousa Rocha apresentou o projeto CIRCO e a sua metodologia, centrada em estrat\u00e9gias e ferramentas para modelos de neg\u00f3cio circulares.<\/p>\n\n\n\n<p>O evento incluiu ainda a partilha de casos de entidades do Alentejo Central que t\u00eam vindo a explorar pr\u00e1ticas sustent\u00e1veis e circulares, como as Oficinas do Convento, o P\u00f3 de Vir a Ser e o Arteria Lab.<\/p>\n\n\n\n<p>Ap\u00f3s as apresenta\u00e7\u00f5es, realizou-se uma mesa-redonda dedicada \u00e0 discuss\u00e3o de poss\u00edveis colabora\u00e7\u00f5es locais e um workshop pr\u00e1tico com estudantes de design da Universidade de \u00c9vora, que apresentaram as suas propostas no final da jornada.<\/p>\n\n\n\n<p>O ECOLAB \u00c9vora constituiu um espa\u00e7o din\u00e2mico de partilha e experimenta\u00e7\u00e3o colaborativa de m\u00e9todos e ferramentas de ecodesign e circularidade, dirigidos a empresas e entidades do Alentejo.<\/p>\n\n\n\n<p><a href=\"https:\/\/www.youtube.com\/watch?v=8KDuWIDpzKw\">Veja o v\u00eddeo do ECOLAB \u00c9vora<\/a><\/p>\n","protected":false},"excerpt":{"rendered":"<p>No passado dia 5 de novembro, a Biblioteca Jorge Ara\u00fajo, no Polo dos Le\u00f5es da Universidade de \u00c9vora, acolheu o workshop ECOLAB \u00c9VORA \u2013 Cultivando Redes de Circularidade. O evento, [&hellip;]<\/p>\n","protected":false},"author":5,"featured_media":1085,"comment_status":"closed","ping_status":"open","sticky":false,"template":"","format":"standard","meta":{"fdcyt-not-srcid":"","footnotes":""},"categories":[40],"tags":[],"class_list":["post-1155","post","type-post","status-publish","format-standard","has-post-thumbnail","hentry","category-sem-categoria"],"_links":{"self":[{"href":"https:\/\/www.degrenplus.eu\/pt-pt\/wp-json\/wp\/v2\/posts\/1155","targetHints":{"allow":["GET"]}}],"collection":[{"href":"https:\/\/www.degrenplus.eu\/pt-pt\/wp-json\/wp\/v2\/posts"}],"about":[{"href":"https:\/\/www.degrenplus.eu\/pt-pt\/wp-json\/wp\/v2\/types\/post"}],"author":[{"embeddable":true,"href":"https:\/\/www.degrenplus.eu\/pt-pt\/wp-json\/wp\/v2\/users\/5"}],"replies":[{"embeddable":true,"href":"https:\/\/www.degrenplus.eu\/pt-pt\/wp-json\/wp\/v2\/comments?post=1155"}],"version-history":[{"count":2,"href":"https:\/\/www.degrenplus.eu\/pt-pt\/wp-json\/wp\/v2\/posts\/1155\/revisions"}],"predecessor-version":[{"id":1158,"href":"https:\/\/www.degrenplus.eu\/pt-pt\/wp-json\/wp\/v2\/posts\/1155\/revisions\/1158"}],"wp:featuredmedia":[{"embeddable":true,"href":"https:\/\/www.degrenplus.eu\/pt-pt\/wp-json\/wp\/v2\/media\/1085"}],"wp:attachment":[{"href":"https:\/\/www.degrenplus.eu\/pt-pt\/wp-json\/wp\/v2\/media?parent=1155"}],"wp:term":[{"taxonomy":"category","embeddable":true,"href":"https:\/\/www.degrenplus.eu\/pt-pt\/wp-json\/wp\/v2\/categories?post=1155"},{"taxonomy":"post_tag","embeddable":true,"href":"https:\/\/www.degrenplus.eu\/pt-pt\/wp-json\/wp\/v2\/tags?post=1155"}],"curies":[{"name":"wp","href":"https:\/\/api.w.org\/{rel}","templated":true}]}}