{"id":1170,"date":"2025-04-24T17:39:13","date_gmt":"2025-04-24T15:39:13","guid":{"rendered":"https:\/\/www.degrenplus.eu\/?p=1170"},"modified":"2025-05-26T08:50:39","modified_gmt":"2025-05-26T06:50:39","slug":"faz-parte-do-mapa-de-ferramentas-e-servicos-do-projeto-degren-plus","status":"publish","type":"post","link":"https:\/\/www.degrenplus.eu\/pt-pt\/faz-parte-do-mapa-de-ferramentas-e-servicos-do-projeto-degren-plus\/","title":{"rendered":"Faz parte do Mapa de Ferramentas e Servi\u00e7os do projeto DEGREN PLUS!"},"content":{"rendered":"\n<p>O projeto <strong>DEGREN PLUS<\/strong> lan\u00e7a uma iniciativa-chave para identificar recursos, ferramentas e servi\u00e7os reais dispon\u00edveis no territ\u00f3rio <strong>EUROACE<\/strong>: o <strong>Mapeamento de Ferramentas e Servi\u00e7os<\/strong>.<\/p>\n\n\n\n<p>Se \u00e9 uma organiza\u00e7\u00e3o ou empresa que atua nas \u00e1reas da <strong>sustentabilidade, ambiente, ecodesign, produ\u00e7\u00e3o<\/strong> ou <strong>economia circular<\/strong>, a sua participa\u00e7\u00e3o \u00e9 imprescind\u00edvel!<\/p>\n\n\n\n<p><a href=\"https:\/\/www.degrenplus.eu\/pt-pt\/mapa-de-ferramentas\/\"><strong>Aceda aqui ao formul\u00e1rio<\/strong><\/a> e contribua com a sua experi\u00eancia.<\/p>\n\n\n\n<p>Atrav\u00e9s deste mapeamento, pretendemos criar um retrato fiel do ecossistema local, com o objetivo de facilitar a transi\u00e7\u00e3o de PME e outros agentes para modelos mais circulares, sustent\u00e1veis e resilientes. A participa\u00e7\u00e3o est\u00e1 aberta a empresas, entidades p\u00fablicas, centros de investiga\u00e7\u00e3o, profissionais independentes e qualquer organiza\u00e7\u00e3o ligada a estas \u00e1reas.<\/p>\n\n\n\n<p>A sua contribui\u00e7\u00e3o ir\u00e1 permitir:<\/p>\n\n\n\n<ul class=\"wp-block-list\">\n<li>Dar visibilidade a solu\u00e7\u00f5es j\u00e1 existentes;<\/li>\n\n\n\n<li>Identificar oportunidades de melhoria e inova\u00e7\u00e3o;<\/li>\n\n\n\n<li>Gerar sinergias entre os atores do territ\u00f3rio;<\/li>\n\n\n\n<li>Impulsionar pol\u00edticas e a\u00e7\u00f5es mais eficazes.<\/li>\n<\/ul>\n\n\n\n<p><strong>N\u00e3o fique de fora!<\/strong><\/p>\n","protected":false},"excerpt":{"rendered":"<p>O projeto DEGREN PLUS lan\u00e7a uma iniciativa-chave para identificar recursos, ferramentas e servi\u00e7os reais dispon\u00edveis no territ\u00f3rio EUROACE: o Mapeamento de Ferramentas e Servi\u00e7os. Se \u00e9 uma organiza\u00e7\u00e3o ou empresa [&hellip;]<\/p>\n","protected":false},"author":5,"featured_media":0,"comment_status":"closed","ping_status":"open","sticky":false,"template":"","format":"standard","meta":{"fdcyt-not-srcid":"","footnotes":""},"categories":[57],"tags":[],"class_list":["post-1170","post","type-post","status-publish","format-standard","hentry","category-noticias-2"],"_links":{"self":[{"href":"https:\/\/www.degrenplus.eu\/pt-pt\/wp-json\/wp\/v2\/posts\/1170","targetHints":{"allow":["GET"]}}],"collection":[{"href":"https:\/\/www.degrenplus.eu\/pt-pt\/wp-json\/wp\/v2\/posts"}],"about":[{"href":"https:\/\/www.degrenplus.eu\/pt-pt\/wp-json\/wp\/v2\/types\/post"}],"author":[{"embeddable":true,"href":"https:\/\/www.degrenplus.eu\/pt-pt\/wp-json\/wp\/v2\/users\/5"}],"replies":[{"embeddable":true,"href":"https:\/\/www.degrenplus.eu\/pt-pt\/wp-json\/wp\/v2\/comments?post=1170"}],"version-history":[{"count":1,"href":"https:\/\/www.degrenplus.eu\/pt-pt\/wp-json\/wp\/v2\/posts\/1170\/revisions"}],"predecessor-version":[{"id":1171,"href":"https:\/\/www.degrenplus.eu\/pt-pt\/wp-json\/wp\/v2\/posts\/1170\/revisions\/1171"}],"wp:attachment":[{"href":"https:\/\/www.degrenplus.eu\/pt-pt\/wp-json\/wp\/v2\/media?parent=1170"}],"wp:term":[{"taxonomy":"category","embeddable":true,"href":"https:\/\/www.degrenplus.eu\/pt-pt\/wp-json\/wp\/v2\/categories?post=1170"},{"taxonomy":"post_tag","embeddable":true,"href":"https:\/\/www.degrenplus.eu\/pt-pt\/wp-json\/wp\/v2\/tags?post=1170"}],"curies":[{"name":"wp","href":"https:\/\/api.w.org\/{rel}","templated":true}]}}