{"id":1283,"date":"2025-05-19T13:10:55","date_gmt":"2025-05-19T11:10:55","guid":{"rendered":"https:\/\/www.degrenplus.eu\/?p=1283"},"modified":"2025-05-19T13:10:56","modified_gmt":"2025-05-19T11:10:56","slug":"degren-plus-promove-ecodesign-e-a-circularidade-como-motores-da-inovacao-empresarial-na-regiao-euroace","status":"publish","type":"post","link":"https:\/\/www.degrenplus.eu\/pt-pt\/degren-plus-promove-ecodesign-e-a-circularidade-como-motores-da-inovacao-empresarial-na-regiao-euroace\/","title":{"rendered":"DEGREN PLUS\u00a0promove\u00a0Ecodesign e a Circularidade como motores da inova\u00e7\u00e3o empresarial na\u00a0regi\u00e3o\u00a0EUROACE"},"content":{"rendered":"\n<figure class=\"wp-block-image size-large\"><img loading=\"lazy\" decoding=\"async\" width=\"1024\" height=\"768\" src=\"https:\/\/www.degrenplus.eu\/wp-content\/uploads\/2025\/05\/Marinha_Grande_Grupo-1024x768.jpeg\" alt=\"\" class=\"wp-image-1279\" srcset=\"https:\/\/www.degrenplus.eu\/wp-content\/uploads\/2025\/05\/Marinha_Grande_Grupo-1024x768.jpeg 1024w, https:\/\/www.degrenplus.eu\/wp-content\/uploads\/2025\/05\/Marinha_Grande_Grupo-300x225.jpeg 300w, https:\/\/www.degrenplus.eu\/wp-content\/uploads\/2025\/05\/Marinha_Grande_Grupo-768x576.jpeg 768w, https:\/\/www.degrenplus.eu\/wp-content\/uploads\/2025\/05\/Marinha_Grande_Grupo-1536x1152.jpeg 1536w, https:\/\/www.degrenplus.eu\/wp-content\/uploads\/2025\/05\/Marinha_Grande_Grupo-1320x990.jpeg 1320w, https:\/\/www.degrenplus.eu\/wp-content\/uploads\/2025\/05\/Marinha_Grande_Grupo.jpeg 1600w\" sizes=\"auto, (max-width: 1024px) 100vw, 1024px\" \/><\/figure>\n\n\n\n<p>No dia 15 de maio, o&nbsp;projeto Interreg POCTEP,&nbsp;<strong>DEGREN PLUS<\/strong>, realizou um workshop na regi\u00e3o Centro dedicado \u00e0s &#8220;<strong>Estrat\u00e9gias de Ecodesign e Circularidade para a Sustentabilidade<\/strong>&#8220;.<\/p>\n\n\n\n<p>Este workshop teve lugar na Marinha Grande, no Centro para o Desenvolvimento R\u00e1pido e Sustent\u00e1vel de Produto (CDRSP) do Instituto Polit\u00e9cnico de Leiria, parceiro do projeto,&nbsp;reunindo profissionais com interesse na aplica\u00e7\u00e3o pr\u00e1tica de solu\u00e7\u00f5es sustent\u00e1veis&nbsp;em&nbsp;contexto empresarial.<\/p>\n\n\n\n<p>Esta iniciativa do projeto DEGREN PLUS, com foco em estrat\u00e9gias de Ecodesign e Economia Circular, teve como principal objetivo estimular a participa\u00e7\u00e3o da comunidade empresarial nos processos de inova\u00e7\u00e3o e investiga\u00e7\u00e3o no espa\u00e7o transfronteiri\u00e7o EUROACE, que envolve a regi\u00e3o da&nbsp;Extremadura&nbsp;de Espanha.&nbsp;mais as regi\u00f5es&nbsp;Centro e Alentejo&nbsp;em Portugal.<\/p>\n\n\n\n<p>O&nbsp;Diretor do&nbsp;CDRSP\/IPLeiria abriu o evento, seguindo-se a&nbsp;apresenta\u00e7\u00e3o do projeto DEGREN PLUS&nbsp;pela l\u00edder do projeto,&nbsp;Raquel Lozano V\u00e1zquez do INTROMAC.&nbsp;O evento&nbsp;prosseguiu com&nbsp;uma interven\u00e7\u00e3o de Ana de la Puente, da&nbsp;empresa&nbsp;IK Ingenier\u00eda,&nbsp;focada na&nbsp;import\u00e2ncia do Ecodesign como vantagem competitiva para as empresas, enfatizando&nbsp;diversas&nbsp;pr\u00e1ticas&nbsp;de ecodesign e circularidade&nbsp;que conciliam sustentabilidade com inova\u00e7\u00e3o.<\/p>\n\n\n\n<p>Ap\u00f3s esta apresenta\u00e7\u00e3o&nbsp;ocorreu um momento&nbsp;interativo&nbsp;com foco no Ecodesign&nbsp;envolvendo as entidades presentes e&nbsp;dinamizado pela IK Ingenier\u00eda, COIIEX e CENTIMFE. Os participantes tiveram a oportunidade de explorar e validar estrat\u00e9gias de Ecodesign atrav\u00e9s de metodologias colaborativas&nbsp;aplicadas a casos pr\u00f3prios das suas empresas.<\/p>\n\n\n\n<p>Houve ainda oportunidade de Marisa Almeida, representando um outro parceiro portugu\u00eas deste projeto (CTCV), de destacar exemplos de m\u00e9tricas de circularidade e da sua aplica\u00e7\u00e3o no contexto empresarial, em discuss\u00e3o numa das atividades do projeto. Por \u00faltimo, Marcelo Gaspar do IPLeiria, apresentou alguns dos projetos inovadores do CDRSP\/IPLeiria com foco na economia de baixo carbono, no reaproveitamento de componentes descartados e que fomentam alternativas de menor impacto ambiental.<\/p>\n","protected":false},"excerpt":{"rendered":"<p>No dia 15 de maio, o&nbsp;projeto Interreg POCTEP,&nbsp;DEGREN PLUS, realizou um workshop na regi\u00e3o Centro dedicado \u00e0s &#8220;Estrat\u00e9gias de Ecodesign e Circularidade para a Sustentabilidade&#8220;. Este workshop teve lugar na [&hellip;]<\/p>\n","protected":false},"author":5,"featured_media":1279,"comment_status":"closed","ping_status":"open","sticky":false,"template":"","format":"standard","meta":{"fdcyt-not-srcid":"","footnotes":""},"categories":[40],"tags":[],"class_list":["post-1283","post","type-post","status-publish","format-standard","has-post-thumbnail","hentry","category-sem-categoria"],"_links":{"self":[{"href":"https:\/\/www.degrenplus.eu\/pt-pt\/wp-json\/wp\/v2\/posts\/1283","targetHints":{"allow":["GET"]}}],"collection":[{"href":"https:\/\/www.degrenplus.eu\/pt-pt\/wp-json\/wp\/v2\/posts"}],"about":[{"href":"https:\/\/www.degrenplus.eu\/pt-pt\/wp-json\/wp\/v2\/types\/post"}],"author":[{"embeddable":true,"href":"https:\/\/www.degrenplus.eu\/pt-pt\/wp-json\/wp\/v2\/users\/5"}],"replies":[{"embeddable":true,"href":"https:\/\/www.degrenplus.eu\/pt-pt\/wp-json\/wp\/v2\/comments?post=1283"}],"version-history":[{"count":1,"href":"https:\/\/www.degrenplus.eu\/pt-pt\/wp-json\/wp\/v2\/posts\/1283\/revisions"}],"predecessor-version":[{"id":1284,"href":"https:\/\/www.degrenplus.eu\/pt-pt\/wp-json\/wp\/v2\/posts\/1283\/revisions\/1284"}],"wp:featuredmedia":[{"embeddable":true,"href":"https:\/\/www.degrenplus.eu\/pt-pt\/wp-json\/wp\/v2\/media\/1279"}],"wp:attachment":[{"href":"https:\/\/www.degrenplus.eu\/pt-pt\/wp-json\/wp\/v2\/media?parent=1283"}],"wp:term":[{"taxonomy":"category","embeddable":true,"href":"https:\/\/www.degrenplus.eu\/pt-pt\/wp-json\/wp\/v2\/categories?post=1283"},{"taxonomy":"post_tag","embeddable":true,"href":"https:\/\/www.degrenplus.eu\/pt-pt\/wp-json\/wp\/v2\/tags?post=1283"}],"curies":[{"name":"wp","href":"https:\/\/api.w.org\/{rel}","templated":true}]}}