{"id":1380,"date":"2025-07-10T08:49:25","date_gmt":"2025-07-10T06:49:25","guid":{"rendered":"https:\/\/www.degrenplus.eu\/?p=1380"},"modified":"2025-07-14T13:41:21","modified_gmt":"2025-07-14T11:41:21","slug":"reuniao-de-coordenacao-do-projeto-degren-plus-em-badajoz","status":"publish","type":"post","link":"https:\/\/www.degrenplus.eu\/pt-pt\/reuniao-de-coordenacao-do-projeto-degren-plus-em-badajoz\/","title":{"rendered":"Reuni\u00e3o de coordena\u00e7\u00e3o do projeto DEGREN PLUS em Badajoz"},"content":{"rendered":"\n<p>Os parceiros do projeto europeu DEGREN PLUS realizaram, no passado dia 17 de junho, uma reuni\u00e3o presencial de coordena\u00e7\u00e3o do referido projeto. A reuni\u00e3o teve lugar no Parque Cient\u00edfico e Tecnol\u00f3gico da Extremadura (PCTEX), em Badajoz. Os l\u00edderes das atividades apresentaram os \u00faltimos, bem como as tarefas que ser\u00e3o iniciadas nos pr\u00f3ximos meses.<\/p>\n\n\n\n<figure class=\"wp-block-image size-large\"><img loading=\"lazy\" decoding=\"async\" width=\"1024\" height=\"768\" src=\"https:\/\/www.degrenplus.eu\/wp-content\/uploads\/2025\/07\/Foto-noticia-reunion-1024x768.jpeg\" alt=\"\" class=\"wp-image-1357\" srcset=\"https:\/\/www.degrenplus.eu\/wp-content\/uploads\/2025\/07\/Foto-noticia-reunion-1024x768.jpeg 1024w, https:\/\/www.degrenplus.eu\/wp-content\/uploads\/2025\/07\/Foto-noticia-reunion-300x225.jpeg 300w, https:\/\/www.degrenplus.eu\/wp-content\/uploads\/2025\/07\/Foto-noticia-reunion-768x576.jpeg 768w, https:\/\/www.degrenplus.eu\/wp-content\/uploads\/2025\/07\/Foto-noticia-reunion-1536x1152.jpeg 1536w, https:\/\/www.degrenplus.eu\/wp-content\/uploads\/2025\/07\/Foto-noticia-reunion-1320x990.jpeg 1320w, https:\/\/www.degrenplus.eu\/wp-content\/uploads\/2025\/07\/Foto-noticia-reunion.jpeg 1600w\" sizes=\"auto, (max-width: 1024px) 100vw, 1024px\" \/><\/figure>\n\n\n\n<p>Na reuni\u00e3o de coordena\u00e7\u00e3o, salientou-se que o projeto entrou numa nova fase, em que a visibilidade p\u00fablica dos trabalhos ser\u00e1 maior. \u00c0 medida que as diferentes tarefas forem conclu\u00eddas, ser\u00e3o divulgados resultados (nomeadamente o Mapeamento de Servi\u00e7os, Ferramentas e M\u00e9tricas para o ecodesign e a circularidade, bem como Estrat\u00e9gias de Ecodesign aplicadas \u00e0s Empresas). Al\u00e9m disso, ser\u00e3o<\/p>\n\n\n\n<p>disponibilizados recursos sobre circularidade e ecodesign (atrav\u00e9s de uma Plataforma de Conhecimento) no website do projeto.<\/p>\n\n\n\n<p>Durante esta reuni\u00e3o, os temas relacionados com a participa\u00e7\u00e3o das empresas no projeto DEGREN PLUS assumiram especial relev\u00e2ncia. Em primeiro lugar, os casos piloto com empresas arrancar\u00e3o de imediato, uma vez finalizado o processo de sele\u00e7\u00e3o das empresas participantes. Em segundo lugar, iniciou-se a planifica\u00e7\u00e3o dos processos de incuba\u00e7\u00e3o destinados a novas empresas e start-ups, que receber\u00e3o apoio t\u00e9cnico e uma estrat\u00e9gia personalizada, para poderem desenvolver a sua atividade ou processo produtivo de forma sustent\u00e1vel. Em terceiro lugar, est\u00e3o previstos Workshops Demonstrativos de Ecodesign, onde as empresas interessadas poder\u00e3o colaborar com estudantes e docentes universit\u00e1rios no desenvolvimento de solu\u00e7\u00f5es para melhorar o seu desempenho ambiental. Em quarto lugar, ser\u00e1 disponibilizada ao p\u00fablico a Plataforma de Conhecimento sobre Ecodesign, onde as empresas poder\u00e3o encontrar materiais did\u00e1ticos e conte\u00fados sobre conceitos de ecodesign e circularidade, aplic\u00e1veis aos seus contextos. Por fim, no dia seguinte a esta reuni\u00e3o de coordena\u00e7\u00e3o, realizou-se um evento sobre ecodesign no PCTEX, dirigido a empresas da regi\u00e3o EUROACE. Este evento serviu tamb\u00e9m para informar as empresas sobre as formas de participa\u00e7\u00e3o no projeto DEGREN PLUS e os recursos dispon\u00edveis para implementar princ\u00edpios de ecodesign e circularidade nas suas atividades.<\/p>\n","protected":false},"excerpt":{"rendered":"<p>Os parceiros do projeto europeu DEGREN PLUS realizaram, no passado dia 17 de junho, uma reuni\u00e3o presencial de coordena\u00e7\u00e3o do referido projeto. A reuni\u00e3o teve lugar no Parque Cient\u00edfico e [&hellip;]<\/p>\n","protected":false},"author":5,"featured_media":1357,"comment_status":"closed","ping_status":"open","sticky":false,"template":"","format":"standard","meta":{"fdcyt-not-srcid":"","footnotes":""},"categories":[40,1],"tags":[],"class_list":["post-1380","post","type-post","status-publish","format-standard","has-post-thumbnail","hentry","category-sem-categoria","category-sin-categorizar"],"_links":{"self":[{"href":"https:\/\/www.degrenplus.eu\/pt-pt\/wp-json\/wp\/v2\/posts\/1380","targetHints":{"allow":["GET"]}}],"collection":[{"href":"https:\/\/www.degrenplus.eu\/pt-pt\/wp-json\/wp\/v2\/posts"}],"about":[{"href":"https:\/\/www.degrenplus.eu\/pt-pt\/wp-json\/wp\/v2\/types\/post"}],"author":[{"embeddable":true,"href":"https:\/\/www.degrenplus.eu\/pt-pt\/wp-json\/wp\/v2\/users\/5"}],"replies":[{"embeddable":true,"href":"https:\/\/www.degrenplus.eu\/pt-pt\/wp-json\/wp\/v2\/comments?post=1380"}],"version-history":[{"count":2,"href":"https:\/\/www.degrenplus.eu\/pt-pt\/wp-json\/wp\/v2\/posts\/1380\/revisions"}],"predecessor-version":[{"id":1391,"href":"https:\/\/www.degrenplus.eu\/pt-pt\/wp-json\/wp\/v2\/posts\/1380\/revisions\/1391"}],"wp:featuredmedia":[{"embeddable":true,"href":"https:\/\/www.degrenplus.eu\/pt-pt\/wp-json\/wp\/v2\/media\/1357"}],"wp:attachment":[{"href":"https:\/\/www.degrenplus.eu\/pt-pt\/wp-json\/wp\/v2\/media?parent=1380"}],"wp:term":[{"taxonomy":"category","embeddable":true,"href":"https:\/\/www.degrenplus.eu\/pt-pt\/wp-json\/wp\/v2\/categories?post=1380"},{"taxonomy":"post_tag","embeddable":true,"href":"https:\/\/www.degrenplus.eu\/pt-pt\/wp-json\/wp\/v2\/tags?post=1380"}],"curies":[{"name":"wp","href":"https:\/\/api.w.org\/{rel}","templated":true}]}}